{"id":14765,"date":"2024-05-23T08:26:28","date_gmt":"2024-05-23T06:26:28","guid":{"rendered":"https:\/\/calgrauet.com\/el-darp-premia-els-productors\/"},"modified":"2025-06-19T11:58:46","modified_gmt":"2025-06-19T09:58:46","slug":"el-darp-premia-los-productores","status":"publish","type":"post","link":"https:\/\/calgrauet.com\/es\/el-darp-premia-los-productores\/","title":{"rendered":"El DARP premia un emprendedor joven de la Cerdanya"},"content":{"rendered":"\t\t<div data-elementor-type=\"wp-post\" data-elementor-id=\"14765\" class=\"elementor elementor-14765 elementor-89\" data-elementor-post-type=\"post\">\n\t\t\t\t        <section class=\"elementor-section elementor-top-section elementor-element elementor-element-c612bf8 elementor-section-boxed elementor-section-height-default elementor-section-height-default pxl-section-static-pos-no pxl-section-overflow-hidden-no pxl-container-margin-auto-no\" data-id=\"c612bf8\" data-element_type=\"section\" data-e-type=\"section\">\n\n                \n                <div class=\"elementor-container elementor-column-gap-default \">\n                <div class=\"elementor-column elementor-col-100 elementor-top-column elementor-element elementor-element-b41e087 pxl-column-element-default pxl-column-overflow-hidden-no\" data-id=\"b41e087\" data-element_type=\"column\" data-e-type=\"column\">\r\n        <div class=\"elementor-widget-wrap elementor-element-populated\">\r\n                    \t\t<div class=\"elementor-element elementor-element-f2e51c1 elementor-widget elementor-widget-pxl_post_title\" data-id=\"f2e51c1\" data-element_type=\"widget\" data-e-type=\"widget\" data-widget_type=\"pxl_post_title.default\">\n\t\t\t\t<div class=\"elementor-widget-container\">\n\t\t\t\t\t<div class=\"pxl-no-post-grid\">No Post Found<\/div>\t\t\t\t<\/div>\n\t\t\t\t<\/div>\n\t\t\t\t<div class=\"elementor-element elementor-element-7c3cc21 elementor-widget elementor-widget-pxl_text_editor\" data-id=\"7c3cc21\" data-element_type=\"widget\" data-e-type=\"widget\" data-widget_type=\"pxl_text_editor.default\">\n\t\t\t\t<div class=\"elementor-widget-container\">\n\t\t\t\t\t<div id=\"pxl_text_editor-7c3cc21-6915\" class=\"pxl-text-editor-wrap d-flex \" >\n\t<div class=\"pxl-text-editor elementor-clearfix\">\n\t\t<p>La Associaci\u00f3 Agr\u00e0ria Ecol\u00f2gica de Muntanya de Sant Lloren\u00e7 de Morunys y Gerard Garreta Argerich, de Cal Grauet SCP de Saga (Cerdanya), han sido dos de los finalistas de los Premios a la Innovaci\u00f3n Tecnol\u00f3gica y Agroalimentaria (PITA) del Departamento de Agricultura, Ganader\u00eda y Pesca (DARP), que entreg\u00f3 el jueves la consellera Meritxell Serret.<\/p><p>Los finalistas han obtenido una dotaci\u00f3n de 2.000 euros cada uno. La Associaci\u00f3 Agr\u00e0ria ha quedado finalista en la modalidad de empresa agraria, por la introducci\u00f3n del cultivo de manzana en zonas de monta\u00f1a. En su modalidad, la ganadora ha sido una empresa de La Noguera, Agropecu\u00e0ria Montgai de Balaguer.<br \/>Y Garreta de Cal Grauet ha sido finalista en la modalidad de Joven Emprendedor Innovador, por la implementaci\u00f3n de una granja de gallinas ponedoras en libertad y con alimentaci\u00f3n ecol\u00f3gica, dentro de una explotaci\u00f3n de carne de vacuno. El ganador de la modalidad, en este caso, ha sido Maurici Cot de Llinars del Vall\u00e8s.<\/p>\t\t\n\t<\/div>\n<\/div>\t\t\t\t<\/div>\n\t\t\t\t<\/div>\n\t\t                    <\/div>\r\n        <\/div>\r\n        \t\t\t<\/div>\n\t\t<\/section>\n\t\t\t\t<\/div>\n\t\t","protected":false},"excerpt":{"rendered":"<p>La Associaci\u00f3 Agr\u00e0ria Ecol\u00f2gica de Muntanya de Sant Lloren\u00e7 de Morunys&#8230;<\/p>\n","protected":false},"author":1,"featured_media":14389,"comment_status":"closed","ping_status":"closed","sticky":false,"template":"","format":"standard","meta":{"footnotes":""},"categories":[82],"tags":[],"class_list":["post-14765","post","type-post","status-publish","format-standard","has-post-thumbnail","hentry","category-sin-categoria"],"yoast_head":"<!-- This site is optimized with the Yoast SEO plugin v27.4 - https:\/\/yoast.com\/product\/yoast-seo-wordpress\/ -->\n<title>El DARP premia un emprendedor joven de la Cerdanya - Cal Grauet<\/title>\n<meta name=\"robots\" content=\"index, follow, max-snippet:-1, max-image-preview:large, max-video-preview:-1\" \/>\n<link rel=\"canonical\" href=\"https:\/\/calgrauet.com\/es\/el-darp-premia-los-productores\/\" \/>\n<meta property=\"og:locale\" content=\"es_ES\" \/>\n<meta property=\"og:type\" content=\"article\" \/>\n<meta property=\"og:title\" content=\"El DARP premia un emprendedor joven de la Cerdanya - Cal Grauet\" \/>\n<meta property=\"og:description\" content=\"La Associaci\u00f3 Agr\u00e0ria Ecol\u00f2gica de Muntanya de Sant Lloren\u00e7 de Morunys...\" \/>\n<meta property=\"og:url\" content=\"https:\/\/calgrauet.com\/es\/el-darp-premia-los-productores\/\" \/>\n<meta property=\"og:site_name\" content=\"Cal Grauet\" \/>\n<meta property=\"article:published_time\" content=\"2024-05-23T06:26:28+00:00\" \/>\n<meta property=\"article:modified_time\" content=\"2025-06-19T09:58:46+00:00\" \/>\n<meta property=\"og:image\" content=\"https:\/\/calgrauet.com\/wp-content\/uploads\/2024\/05\/blog-02.jpg\" \/>\n\t<meta property=\"og:image:width\" content=\"800\" \/>\n\t<meta property=\"og:image:height\" content=\"450\" \/>\n\t<meta property=\"og:image:type\" content=\"image\/jpeg\" \/>\n<meta name=\"author\" content=\"admin-istrador\" \/>\n<meta name=\"twitter:card\" content=\"summary_large_image\" \/>\n<meta name=\"twitter:label1\" content=\"Escrito por\" \/>\n\t<meta name=\"twitter:data1\" content=\"admin-istrador\" \/>\n\t<meta name=\"twitter:label2\" content=\"Tiempo de lectura\" \/>\n\t<meta name=\"twitter:data2\" content=\"2 minutos\" \/>\n<script type=\"application\/ld+json\" class=\"yoast-schema-graph\">{\"@context\":\"https:\\\/\\\/schema.org\",\"@graph\":[{\"@type\":\"Article\",\"@id\":\"https:\\\/\\\/calgrauet.com\\\/es\\\/el-darp-premia-los-productores\\\/#article\",\"isPartOf\":{\"@id\":\"https:\\\/\\\/calgrauet.com\\\/es\\\/el-darp-premia-los-productores\\\/\"},\"author\":{\"name\":\"admin-istrador\",\"@id\":\"https:\\\/\\\/calgrauet.com\\\/es\\\/#\\\/schema\\\/person\\\/f3bee5fb0130689db9ebb02aaf1e2d79\"},\"headline\":\"El DARP premia un emprendedor joven de la Cerdanya\",\"datePublished\":\"2024-05-23T06:26:28+00:00\",\"dateModified\":\"2025-06-19T09:58:46+00:00\",\"mainEntityOfPage\":{\"@id\":\"https:\\\/\\\/calgrauet.com\\\/es\\\/el-darp-premia-los-productores\\\/\"},\"wordCount\":184,\"publisher\":{\"@id\":\"https:\\\/\\\/calgrauet.com\\\/es\\\/#organization\"},\"image\":{\"@id\":\"https:\\\/\\\/calgrauet.com\\\/es\\\/el-darp-premia-los-productores\\\/#primaryimage\"},\"thumbnailUrl\":\"https:\\\/\\\/calgrauet.com\\\/wp-content\\\/uploads\\\/2024\\\/05\\\/blog-02.jpg\",\"inLanguage\":\"es\"},{\"@type\":\"WebPage\",\"@id\":\"https:\\\/\\\/calgrauet.com\\\/es\\\/el-darp-premia-los-productores\\\/\",\"url\":\"https:\\\/\\\/calgrauet.com\\\/es\\\/el-darp-premia-los-productores\\\/\",\"name\":\"El DARP premia un emprendedor joven de la Cerdanya - Cal Grauet\",\"isPartOf\":{\"@id\":\"https:\\\/\\\/calgrauet.com\\\/es\\\/#website\"},\"primaryImageOfPage\":{\"@id\":\"https:\\\/\\\/calgrauet.com\\\/es\\\/el-darp-premia-los-productores\\\/#primaryimage\"},\"image\":{\"@id\":\"https:\\\/\\\/calgrauet.com\\\/es\\\/el-darp-premia-los-productores\\\/#primaryimage\"},\"thumbnailUrl\":\"https:\\\/\\\/calgrauet.com\\\/wp-content\\\/uploads\\\/2024\\\/05\\\/blog-02.jpg\",\"datePublished\":\"2024-05-23T06:26:28+00:00\",\"dateModified\":\"2025-06-19T09:58:46+00:00\",\"breadcrumb\":{\"@id\":\"https:\\\/\\\/calgrauet.com\\\/es\\\/el-darp-premia-los-productores\\\/#breadcrumb\"},\"inLanguage\":\"es\",\"potentialAction\":[{\"@type\":\"ReadAction\",\"target\":[\"https:\\\/\\\/calgrauet.com\\\/es\\\/el-darp-premia-los-productores\\\/\"]}]},{\"@type\":\"ImageObject\",\"inLanguage\":\"es\",\"@id\":\"https:\\\/\\\/calgrauet.com\\\/es\\\/el-darp-premia-los-productores\\\/#primaryimage\",\"url\":\"https:\\\/\\\/calgrauet.com\\\/wp-content\\\/uploads\\\/2024\\\/05\\\/blog-02.jpg\",\"contentUrl\":\"https:\\\/\\\/calgrauet.com\\\/wp-content\\\/uploads\\\/2024\\\/05\\\/blog-02.jpg\",\"width\":800,\"height\":450,\"caption\":\"El DARP premia a Cal Grauet\"},{\"@type\":\"BreadcrumbList\",\"@id\":\"https:\\\/\\\/calgrauet.com\\\/es\\\/el-darp-premia-los-productores\\\/#breadcrumb\",\"itemListElement\":[{\"@type\":\"ListItem\",\"position\":1,\"name\":\"Inici\",\"item\":\"https:\\\/\\\/calgrauet.com\\\/es\\\/\"},{\"@type\":\"ListItem\",\"position\":2,\"name\":\"El DARP premia un emprendedor joven de la Cerdanya\"}]},{\"@type\":\"WebSite\",\"@id\":\"https:\\\/\\\/calgrauet.com\\\/es\\\/#website\",\"url\":\"https:\\\/\\\/calgrauet.com\\\/es\\\/\",\"name\":\"Cal Grauet\",\"description\":\"TRADICI\u00d3, ADAPTACI\u00d3 I SOSTENIBILITAT RAMADERA\",\"publisher\":{\"@id\":\"https:\\\/\\\/calgrauet.com\\\/es\\\/#organization\"},\"potentialAction\":[{\"@type\":\"SearchAction\",\"target\":{\"@type\":\"EntryPoint\",\"urlTemplate\":\"https:\\\/\\\/calgrauet.com\\\/es\\\/?s={search_term_string}\"},\"query-input\":{\"@type\":\"PropertyValueSpecification\",\"valueRequired\":true,\"valueName\":\"search_term_string\"}}],\"inLanguage\":\"es\"},{\"@type\":\"Organization\",\"@id\":\"https:\\\/\\\/calgrauet.com\\\/es\\\/#organization\",\"name\":\"Cal Grauet\",\"url\":\"https:\\\/\\\/calgrauet.com\\\/es\\\/\",\"logo\":{\"@type\":\"ImageObject\",\"inLanguage\":\"es\",\"@id\":\"https:\\\/\\\/calgrauet.com\\\/es\\\/#\\\/schema\\\/logo\\\/image\\\/\",\"url\":\"https:\\\/\\\/calgrauet.com\\\/wp-content\\\/uploads\\\/2024\\\/05\\\/logo-cal-grauet.png\",\"contentUrl\":\"https:\\\/\\\/calgrauet.com\\\/wp-content\\\/uploads\\\/2024\\\/05\\\/logo-cal-grauet.png\",\"width\":224,\"height\":157,\"caption\":\"Cal Grauet\"},\"image\":{\"@id\":\"https:\\\/\\\/calgrauet.com\\\/es\\\/#\\\/schema\\\/logo\\\/image\\\/\"}},{\"@type\":\"Person\",\"@id\":\"https:\\\/\\\/calgrauet.com\\\/es\\\/#\\\/schema\\\/person\\\/f3bee5fb0130689db9ebb02aaf1e2d79\",\"name\":\"admin-istrador\",\"sameAs\":[\"https:\\\/\\\/calgrauet.com\"],\"url\":\"https:\\\/\\\/calgrauet.com\\\/es\\\/author\\\/admin-istrador\\\/\"}]}<\/script>\n<!-- \/ Yoast SEO plugin. -->","yoast_head_json":{"title":"El DARP premia un emprendedor joven de la Cerdanya - Cal Grauet","robots":{"index":"index","follow":"follow","max-snippet":"max-snippet:-1","max-image-preview":"max-image-preview:large","max-video-preview":"max-video-preview:-1"},"canonical":"https:\/\/calgrauet.com\/es\/el-darp-premia-los-productores\/","og_locale":"es_ES","og_type":"article","og_title":"El DARP premia un emprendedor joven de la Cerdanya - Cal Grauet","og_description":"La Associaci\u00f3 Agr\u00e0ria Ecol\u00f2gica de Muntanya de Sant Lloren\u00e7 de Morunys...","og_url":"https:\/\/calgrauet.com\/es\/el-darp-premia-los-productores\/","og_site_name":"Cal Grauet","article_published_time":"2024-05-23T06:26:28+00:00","article_modified_time":"2025-06-19T09:58:46+00:00","og_image":[{"width":800,"height":450,"url":"https:\/\/calgrauet.com\/wp-content\/uploads\/2024\/05\/blog-02.jpg","type":"image\/jpeg"}],"author":"admin-istrador","twitter_card":"summary_large_image","twitter_misc":{"Escrito por":"admin-istrador","Tiempo de lectura":"2 minutos"},"schema":{"@context":"https:\/\/schema.org","@graph":[{"@type":"Article","@id":"https:\/\/calgrauet.com\/es\/el-darp-premia-los-productores\/#article","isPartOf":{"@id":"https:\/\/calgrauet.com\/es\/el-darp-premia-los-productores\/"},"author":{"name":"admin-istrador","@id":"https:\/\/calgrauet.com\/es\/#\/schema\/person\/f3bee5fb0130689db9ebb02aaf1e2d79"},"headline":"El DARP premia un emprendedor joven de la Cerdanya","datePublished":"2024-05-23T06:26:28+00:00","dateModified":"2025-06-19T09:58:46+00:00","mainEntityOfPage":{"@id":"https:\/\/calgrauet.com\/es\/el-darp-premia-los-productores\/"},"wordCount":184,"publisher":{"@id":"https:\/\/calgrauet.com\/es\/#organization"},"image":{"@id":"https:\/\/calgrauet.com\/es\/el-darp-premia-los-productores\/#primaryimage"},"thumbnailUrl":"https:\/\/calgrauet.com\/wp-content\/uploads\/2024\/05\/blog-02.jpg","inLanguage":"es"},{"@type":"WebPage","@id":"https:\/\/calgrauet.com\/es\/el-darp-premia-los-productores\/","url":"https:\/\/calgrauet.com\/es\/el-darp-premia-los-productores\/","name":"El DARP premia un emprendedor joven de la Cerdanya - Cal Grauet","isPartOf":{"@id":"https:\/\/calgrauet.com\/es\/#website"},"primaryImageOfPage":{"@id":"https:\/\/calgrauet.com\/es\/el-darp-premia-los-productores\/#primaryimage"},"image":{"@id":"https:\/\/calgrauet.com\/es\/el-darp-premia-los-productores\/#primaryimage"},"thumbnailUrl":"https:\/\/calgrauet.com\/wp-content\/uploads\/2024\/05\/blog-02.jpg","datePublished":"2024-05-23T06:26:28+00:00","dateModified":"2025-06-19T09:58:46+00:00","breadcrumb":{"@id":"https:\/\/calgrauet.com\/es\/el-darp-premia-los-productores\/#breadcrumb"},"inLanguage":"es","potentialAction":[{"@type":"ReadAction","target":["https:\/\/calgrauet.com\/es\/el-darp-premia-los-productores\/"]}]},{"@type":"ImageObject","inLanguage":"es","@id":"https:\/\/calgrauet.com\/es\/el-darp-premia-los-productores\/#primaryimage","url":"https:\/\/calgrauet.com\/wp-content\/uploads\/2024\/05\/blog-02.jpg","contentUrl":"https:\/\/calgrauet.com\/wp-content\/uploads\/2024\/05\/blog-02.jpg","width":800,"height":450,"caption":"El DARP premia a Cal Grauet"},{"@type":"BreadcrumbList","@id":"https:\/\/calgrauet.com\/es\/el-darp-premia-los-productores\/#breadcrumb","itemListElement":[{"@type":"ListItem","position":1,"name":"Inici","item":"https:\/\/calgrauet.com\/es\/"},{"@type":"ListItem","position":2,"name":"El DARP premia un emprendedor joven de la Cerdanya"}]},{"@type":"WebSite","@id":"https:\/\/calgrauet.com\/es\/#website","url":"https:\/\/calgrauet.com\/es\/","name":"Cal Grauet","description":"TRADICI\u00d3, ADAPTACI\u00d3 I SOSTENIBILITAT RAMADERA","publisher":{"@id":"https:\/\/calgrauet.com\/es\/#organization"},"potentialAction":[{"@type":"SearchAction","target":{"@type":"EntryPoint","urlTemplate":"https:\/\/calgrauet.com\/es\/?s={search_term_string}"},"query-input":{"@type":"PropertyValueSpecification","valueRequired":true,"valueName":"search_term_string"}}],"inLanguage":"es"},{"@type":"Organization","@id":"https:\/\/calgrauet.com\/es\/#organization","name":"Cal Grauet","url":"https:\/\/calgrauet.com\/es\/","logo":{"@type":"ImageObject","inLanguage":"es","@id":"https:\/\/calgrauet.com\/es\/#\/schema\/logo\/image\/","url":"https:\/\/calgrauet.com\/wp-content\/uploads\/2024\/05\/logo-cal-grauet.png","contentUrl":"https:\/\/calgrauet.com\/wp-content\/uploads\/2024\/05\/logo-cal-grauet.png","width":224,"height":157,"caption":"Cal Grauet"},"image":{"@id":"https:\/\/calgrauet.com\/es\/#\/schema\/logo\/image\/"}},{"@type":"Person","@id":"https:\/\/calgrauet.com\/es\/#\/schema\/person\/f3bee5fb0130689db9ebb02aaf1e2d79","name":"admin-istrador","sameAs":["https:\/\/calgrauet.com"],"url":"https:\/\/calgrauet.com\/es\/author\/admin-istrador\/"}]}},"_links":{"self":[{"href":"https:\/\/calgrauet.com\/es\/wp-json\/wp\/v2\/posts\/14765","targetHints":{"allow":["GET"]}}],"collection":[{"href":"https:\/\/calgrauet.com\/es\/wp-json\/wp\/v2\/posts"}],"about":[{"href":"https:\/\/calgrauet.com\/es\/wp-json\/wp\/v2\/types\/post"}],"author":[{"embeddable":true,"href":"https:\/\/calgrauet.com\/es\/wp-json\/wp\/v2\/users\/1"}],"replies":[{"embeddable":true,"href":"https:\/\/calgrauet.com\/es\/wp-json\/wp\/v2\/comments?post=14765"}],"version-history":[{"count":8,"href":"https:\/\/calgrauet.com\/es\/wp-json\/wp\/v2\/posts\/14765\/revisions"}],"predecessor-version":[{"id":14822,"href":"https:\/\/calgrauet.com\/es\/wp-json\/wp\/v2\/posts\/14765\/revisions\/14822"}],"wp:featuredmedia":[{"embeddable":true,"href":"https:\/\/calgrauet.com\/es\/wp-json\/wp\/v2\/media\/14389"}],"wp:attachment":[{"href":"https:\/\/calgrauet.com\/es\/wp-json\/wp\/v2\/media?parent=14765"}],"wp:term":[{"taxonomy":"category","embeddable":true,"href":"https:\/\/calgrauet.com\/es\/wp-json\/wp\/v2\/categories?post=14765"},{"taxonomy":"post_tag","embeddable":true,"href":"https:\/\/calgrauet.com\/es\/wp-json\/wp\/v2\/tags?post=14765"}],"curies":[{"name":"wp","href":"https:\/\/api.w.org\/{rel}","templated":true}]}}