{"id":14764,"date":"2020-02-14T08:30:00","date_gmt":"2020-02-14T06:30:00","guid":{"rendered":"https:\/\/calgrauet.com\/entrevista-joves-del-pirineu-a-la-revista-viure-al-pirineu\/"},"modified":"2025-06-19T12:52:49","modified_gmt":"2025-06-19T10:52:49","slug":"entrevista-joves-del-pirineu-a-la-revista-viure-al-pirineu-es","status":"publish","type":"post","link":"https:\/\/calgrauet.com\/es\/entrevista-joves-del-pirineu-a-la-revista-viure-al-pirineu-es\/","title":{"rendered":"Entrevista \u201cJoves del Pirineu\u201d a la revista \u201cViure al Pirineu\u201d"},"content":{"rendered":"<h1 style=\"font-size:30px;\">Gerard Garreta: \u201cEn el campo hay relevo, pero el principal problema es el acceso a la tierra\u201d<\/h1>\n<p><strong>Te formaste en gesti\u00f3n empresarial \u2026<\/strong> S\u00ed, estudi\u00e9 gesti\u00f3n de empresa en la Fundaci\u00f3n Universitaria del Bages de la UAB. Durante los cuatro a\u00f1os de carrera iba cada tarde a Manresa y por las ma\u00f1anas trabajaba como campesino en casa. La formaci\u00f3n me fue muy \u00fatil a la hora de elaborar el plan de empresa y sacar adelante el proyecto de las gallinas ponedoras.<\/p>\n<p style=\"font-weight: 300;\"><strong>\u00bfSiempre has querido ser campesino? <\/strong> Siempre lo he tenido claro. Cuando estudiaba bachillerato en el instituto, mi idea era trabajar por las ma\u00f1anas en un banco o en una oficina y por las tardes hacer de campesino en casa, como un \u201chobby\u201d. Pienso que el campesino nace, no se hace. Es un sentimiento que se lleva dentro.<\/p>\n<p style=\"font-weight: 300;\"><strong>\u00bfQu\u00e9 significa para ti ser campesino? <\/strong>Para m\u00ed es una forma de vivir, de disfrutar de la vida. Yo no trabajo, disfruto cada d\u00eda haciendo de campesino.<\/p>\n<p><strong>En tu casa, en Cal Grauet de Saga, sois campesinos desde hace cuatro generaciones, pero t\u00fa has querido innovar\u2026<\/strong> En los a\u00f1os 40, la nuestra era una explotaci\u00f3n ganadera bastante diversificada, con algo de leche y unas cuantas ovejas, pero la fuente principal era la producci\u00f3n de patatas. Unos a\u00f1os despu\u00e9s fue la vaca lechera y, luego, al entrar en el mercado com\u00fan, el motor fue la vaca de carne. Ahora hemos intentado dar un giro a la explotaci\u00f3n, aportando m\u00e1s valor a\u00f1adido a un producto elaborado con criterio ecol\u00f3gico y comercializ\u00e1ndolo directamente, sin intermediarios<span style=\"font-weight: 300; font-size: 16px;\">.<\/span><\/p>\n<p style=\"font-weight: 300;\"><strong>Tu explotaci\u00f3n tiene dos l\u00edneas bien diferenciadas \u2026<\/strong> S\u00ed, por un lado tenemos la producci\u00f3n de ternera ecol\u00f3gica, donde hacemos todo el ciclo: desde que nace el animal hasta que lo llevamos directamente a la nevera del cliente, envasado al vac\u00edo, completamente al detalle y al gusto del consumidor. Empezamos con 50 cabezas y ahora ya tenemos un centenar. Trabajamos con la raza centroeuropea Fleckvieh, principalmente para madres, y con la raza Angus, que es la carne de Nebraska, y que cruzamos con la aut\u00f3ctona para mejorar nuestra carne y hacerla m\u00e1s sabrosa y tierna.<\/p>\n<p style=\"font-weight: 300;\"><strong>Y la otra parte es la de las gallinas ponedoras\u2026 <\/strong>S\u00ed, empezamos hace cuatro a\u00f1os con 200 gallinas, ahora ya hay 600 y, si todo va bien, en primavera tendremos 800. Habremos multiplicado por cuatro en cuatro a\u00f1os. Estamos hablando de gallinas ponedoras en libertad, que pastan al aire libre y comen cereales ecol\u00f3gicos.<\/p>\n<p style=\"font-weight: 300;\"><strong>Cuando dices ecol\u00f3gica, \u00bfa qu\u00e9 te refieres? <\/strong>Pues a que no usamos ning\u00fan tipo de aditivo qu\u00edmico, ni pesticidas, ni herbicidas, ni colorantes para los huevos, ni nada de eso. Todo completamente natural. Somos la \u00fanica explotaci\u00f3n de gallinas ponedoras en ecol\u00f3gico en el Alt Pirineu.<\/p>\n<p style=\"font-weight: 300;\"><strong>\u00bfY c\u00f3mo haces la comercializaci\u00f3n? <\/strong>Mientras que la ternera la servimos a algunos restaurantes, unas cuantas tiendas y, sobre todo, clientes finales, los huevos los vendemos todos a tiendas que tratan muy bien el producto y a restaurantes. Se establece una relaci\u00f3n muy cercana entre productor y consumidor, y eso es muy gratificante. Solo podemos competir en calidad, no en cantidad.<\/p>\n<p style=\"font-weight: 300;\"><strong>Vuestro proyecto recibi\u00f3 el a\u00f1o pasado el reconocimiento de la Generalitat\u2026<\/strong> Me hizo mucha ilusi\u00f3n, quedamos finalistas en los premios de Innovaci\u00f3n Tecnol\u00f3gica Agroalimentaria, en la modalidad de joven emprendedor. Siempre gusta que reconozcan el trabajo.<\/p>\n<p style=\"font-weight: 300;\"><strong>\u00bfC\u00f3mo ves el futuro? \u00bfHay relevo generacional? <\/strong>Tengo muy claro que el futuro pasa por ser due\u00f1o del producto y comercializarlo directamente, sin intermediarios. Creo que hay relevo, pero el principal problema es el acceso a la tierra.<\/p>\n<p style=\"font-weight: 300;margin-bottom:50px;\"><strong>\u00bfQu\u00e9 le dir\u00edas a un joven que quiere quedarse en casa y ser campesino, pero duda?<\/strong> Que lo intente. Aqu\u00ed hay mucho la cultura del miedo al fracaso y al qu\u00e9 dir\u00e1n si las cosas no acaban de ir bien. Mira, si al final las cosas no van como uno quiere, todo eso tambi\u00e9n habr\u00e1 servido para aprender. Y mucho.<\/p>\n","protected":false},"excerpt":{"rendered":"<p>Te formaste en gesti\u00f3n empresarial&#8230; S\u00ed, estudi\u00e9 gesti\u00f3n de empresa&#8230;<\/p>\n","protected":false},"author":1,"featured_media":14388,"comment_status":"closed","ping_status":"closed","sticky":false,"template":"","format":"standard","meta":{"footnotes":""},"categories":[82],"tags":[],"class_list":["post-14764","post","type-post","status-publish","format-standard","has-post-thumbnail","hentry","category-sin-categoria"],"yoast_head":"<!-- This site is optimized with the Yoast SEO plugin v27.4 - https:\/\/yoast.com\/product\/yoast-seo-wordpress\/ -->\n<title>Entrevista \u201cJoves del Pirineu\u201d a la revista \u201cViure al Pirineu\u201d - Cal Grauet<\/title>\n<meta name=\"robots\" content=\"index, follow, max-snippet:-1, max-image-preview:large, max-video-preview:-1\" \/>\n<link rel=\"canonical\" href=\"https:\/\/calgrauet.com\/es\/entrevista-joves-del-pirineu-a-la-revista-viure-al-pirineu-es\/\" \/>\n<meta property=\"og:locale\" content=\"es_ES\" \/>\n<meta property=\"og:type\" content=\"article\" \/>\n<meta property=\"og:title\" content=\"Entrevista \u201cJoves del Pirineu\u201d a la revista \u201cViure al Pirineu\u201d - Cal Grauet\" \/>\n<meta property=\"og:description\" content=\"Te formaste en gesti\u00f3n empresarial... S\u00ed, estudi\u00e9 gesti\u00f3n de empresa...\" \/>\n<meta property=\"og:url\" content=\"https:\/\/calgrauet.com\/es\/entrevista-joves-del-pirineu-a-la-revista-viure-al-pirineu-es\/\" \/>\n<meta property=\"og:site_name\" content=\"Cal Grauet\" \/>\n<meta property=\"article:published_time\" content=\"2020-02-14T06:30:00+00:00\" \/>\n<meta property=\"article:modified_time\" content=\"2025-06-19T10:52:49+00:00\" \/>\n<meta property=\"og:image\" content=\"https:\/\/calgrauet.com\/wp-content\/uploads\/2024\/05\/blog-01.jpg\" \/>\n\t<meta property=\"og:image:width\" content=\"800\" \/>\n\t<meta property=\"og:image:height\" content=\"450\" \/>\n\t<meta property=\"og:image:type\" content=\"image\/jpeg\" \/>\n<meta name=\"author\" content=\"admin-istrador\" \/>\n<meta name=\"twitter:card\" content=\"summary_large_image\" \/>\n<meta name=\"twitter:label1\" content=\"Escrito por\" \/>\n\t<meta name=\"twitter:data1\" content=\"admin-istrador\" \/>\n\t<meta name=\"twitter:label2\" content=\"Tiempo de lectura\" \/>\n\t<meta name=\"twitter:data2\" content=\"4 minutos\" \/>\n<script type=\"application\/ld+json\" class=\"yoast-schema-graph\">{\"@context\":\"https:\\\/\\\/schema.org\",\"@graph\":[{\"@type\":\"Article\",\"@id\":\"https:\\\/\\\/calgrauet.com\\\/es\\\/entrevista-joves-del-pirineu-a-la-revista-viure-al-pirineu-es\\\/#article\",\"isPartOf\":{\"@id\":\"https:\\\/\\\/calgrauet.com\\\/es\\\/entrevista-joves-del-pirineu-a-la-revista-viure-al-pirineu-es\\\/\"},\"author\":{\"name\":\"admin-istrador\",\"@id\":\"https:\\\/\\\/calgrauet.com\\\/es\\\/#\\\/schema\\\/person\\\/f3bee5fb0130689db9ebb02aaf1e2d79\"},\"headline\":\"Entrevista \u201cJoves del Pirineu\u201d a la revista \u201cViure al Pirineu\u201d\",\"datePublished\":\"2020-02-14T06:30:00+00:00\",\"dateModified\":\"2025-06-19T10:52:49+00:00\",\"mainEntityOfPage\":{\"@id\":\"https:\\\/\\\/calgrauet.com\\\/es\\\/entrevista-joves-del-pirineu-a-la-revista-viure-al-pirineu-es\\\/\"},\"wordCount\":699,\"publisher\":{\"@id\":\"https:\\\/\\\/calgrauet.com\\\/es\\\/#organization\"},\"image\":{\"@id\":\"https:\\\/\\\/calgrauet.com\\\/es\\\/entrevista-joves-del-pirineu-a-la-revista-viure-al-pirineu-es\\\/#primaryimage\"},\"thumbnailUrl\":\"https:\\\/\\\/calgrauet.com\\\/wp-content\\\/uploads\\\/2024\\\/05\\\/blog-01.jpg\",\"inLanguage\":\"es\"},{\"@type\":\"WebPage\",\"@id\":\"https:\\\/\\\/calgrauet.com\\\/es\\\/entrevista-joves-del-pirineu-a-la-revista-viure-al-pirineu-es\\\/\",\"url\":\"https:\\\/\\\/calgrauet.com\\\/es\\\/entrevista-joves-del-pirineu-a-la-revista-viure-al-pirineu-es\\\/\",\"name\":\"Entrevista \u201cJoves del Pirineu\u201d a la revista \u201cViure al Pirineu\u201d - Cal Grauet\",\"isPartOf\":{\"@id\":\"https:\\\/\\\/calgrauet.com\\\/es\\\/#website\"},\"primaryImageOfPage\":{\"@id\":\"https:\\\/\\\/calgrauet.com\\\/es\\\/entrevista-joves-del-pirineu-a-la-revista-viure-al-pirineu-es\\\/#primaryimage\"},\"image\":{\"@id\":\"https:\\\/\\\/calgrauet.com\\\/es\\\/entrevista-joves-del-pirineu-a-la-revista-viure-al-pirineu-es\\\/#primaryimage\"},\"thumbnailUrl\":\"https:\\\/\\\/calgrauet.com\\\/wp-content\\\/uploads\\\/2024\\\/05\\\/blog-01.jpg\",\"datePublished\":\"2020-02-14T06:30:00+00:00\",\"dateModified\":\"2025-06-19T10:52:49+00:00\",\"breadcrumb\":{\"@id\":\"https:\\\/\\\/calgrauet.com\\\/es\\\/entrevista-joves-del-pirineu-a-la-revista-viure-al-pirineu-es\\\/#breadcrumb\"},\"inLanguage\":\"es\",\"potentialAction\":[{\"@type\":\"ReadAction\",\"target\":[\"https:\\\/\\\/calgrauet.com\\\/es\\\/entrevista-joves-del-pirineu-a-la-revista-viure-al-pirineu-es\\\/\"]}]},{\"@type\":\"ImageObject\",\"inLanguage\":\"es\",\"@id\":\"https:\\\/\\\/calgrauet.com\\\/es\\\/entrevista-joves-del-pirineu-a-la-revista-viure-al-pirineu-es\\\/#primaryimage\",\"url\":\"https:\\\/\\\/calgrauet.com\\\/wp-content\\\/uploads\\\/2024\\\/05\\\/blog-01.jpg\",\"contentUrl\":\"https:\\\/\\\/calgrauet.com\\\/wp-content\\\/uploads\\\/2024\\\/05\\\/blog-01.jpg\",\"width\":800,\"height\":450,\"caption\":\"Gerard Garreta de Cal Grauet\"},{\"@type\":\"BreadcrumbList\",\"@id\":\"https:\\\/\\\/calgrauet.com\\\/es\\\/entrevista-joves-del-pirineu-a-la-revista-viure-al-pirineu-es\\\/#breadcrumb\",\"itemListElement\":[{\"@type\":\"ListItem\",\"position\":1,\"name\":\"Inici\",\"item\":\"https:\\\/\\\/calgrauet.com\\\/es\\\/\"},{\"@type\":\"ListItem\",\"position\":2,\"name\":\"Entrevista \u201cJoves del Pirineu\u201d a la revista \u201cViure al Pirineu\u201d\"}]},{\"@type\":\"WebSite\",\"@id\":\"https:\\\/\\\/calgrauet.com\\\/es\\\/#website\",\"url\":\"https:\\\/\\\/calgrauet.com\\\/es\\\/\",\"name\":\"Cal Grauet\",\"description\":\"TRADICI\u00d3, ADAPTACI\u00d3 I SOSTENIBILITAT RAMADERA\",\"publisher\":{\"@id\":\"https:\\\/\\\/calgrauet.com\\\/es\\\/#organization\"},\"potentialAction\":[{\"@type\":\"SearchAction\",\"target\":{\"@type\":\"EntryPoint\",\"urlTemplate\":\"https:\\\/\\\/calgrauet.com\\\/es\\\/?s={search_term_string}\"},\"query-input\":{\"@type\":\"PropertyValueSpecification\",\"valueRequired\":true,\"valueName\":\"search_term_string\"}}],\"inLanguage\":\"es\"},{\"@type\":\"Organization\",\"@id\":\"https:\\\/\\\/calgrauet.com\\\/es\\\/#organization\",\"name\":\"Cal Grauet\",\"url\":\"https:\\\/\\\/calgrauet.com\\\/es\\\/\",\"logo\":{\"@type\":\"ImageObject\",\"inLanguage\":\"es\",\"@id\":\"https:\\\/\\\/calgrauet.com\\\/es\\\/#\\\/schema\\\/logo\\\/image\\\/\",\"url\":\"https:\\\/\\\/calgrauet.com\\\/wp-content\\\/uploads\\\/2024\\\/05\\\/logo-cal-grauet.png\",\"contentUrl\":\"https:\\\/\\\/calgrauet.com\\\/wp-content\\\/uploads\\\/2024\\\/05\\\/logo-cal-grauet.png\",\"width\":224,\"height\":157,\"caption\":\"Cal Grauet\"},\"image\":{\"@id\":\"https:\\\/\\\/calgrauet.com\\\/es\\\/#\\\/schema\\\/logo\\\/image\\\/\"}},{\"@type\":\"Person\",\"@id\":\"https:\\\/\\\/calgrauet.com\\\/es\\\/#\\\/schema\\\/person\\\/f3bee5fb0130689db9ebb02aaf1e2d79\",\"name\":\"admin-istrador\",\"sameAs\":[\"https:\\\/\\\/calgrauet.com\"],\"url\":\"https:\\\/\\\/calgrauet.com\\\/es\\\/author\\\/admin-istrador\\\/\"}]}<\/script>\n<!-- \/ Yoast SEO plugin. -->","yoast_head_json":{"title":"Entrevista \u201cJoves del Pirineu\u201d a la revista \u201cViure al Pirineu\u201d - Cal Grauet","robots":{"index":"index","follow":"follow","max-snippet":"max-snippet:-1","max-image-preview":"max-image-preview:large","max-video-preview":"max-video-preview:-1"},"canonical":"https:\/\/calgrauet.com\/es\/entrevista-joves-del-pirineu-a-la-revista-viure-al-pirineu-es\/","og_locale":"es_ES","og_type":"article","og_title":"Entrevista \u201cJoves del Pirineu\u201d a la revista \u201cViure al Pirineu\u201d - Cal Grauet","og_description":"Te formaste en gesti\u00f3n empresarial... S\u00ed, estudi\u00e9 gesti\u00f3n de empresa...","og_url":"https:\/\/calgrauet.com\/es\/entrevista-joves-del-pirineu-a-la-revista-viure-al-pirineu-es\/","og_site_name":"Cal Grauet","article_published_time":"2020-02-14T06:30:00+00:00","article_modified_time":"2025-06-19T10:52:49+00:00","og_image":[{"width":800,"height":450,"url":"https:\/\/calgrauet.com\/wp-content\/uploads\/2024\/05\/blog-01.jpg","type":"image\/jpeg"}],"author":"admin-istrador","twitter_card":"summary_large_image","twitter_misc":{"Escrito por":"admin-istrador","Tiempo de lectura":"4 minutos"},"schema":{"@context":"https:\/\/schema.org","@graph":[{"@type":"Article","@id":"https:\/\/calgrauet.com\/es\/entrevista-joves-del-pirineu-a-la-revista-viure-al-pirineu-es\/#article","isPartOf":{"@id":"https:\/\/calgrauet.com\/es\/entrevista-joves-del-pirineu-a-la-revista-viure-al-pirineu-es\/"},"author":{"name":"admin-istrador","@id":"https:\/\/calgrauet.com\/es\/#\/schema\/person\/f3bee5fb0130689db9ebb02aaf1e2d79"},"headline":"Entrevista \u201cJoves del Pirineu\u201d a la revista \u201cViure al Pirineu\u201d","datePublished":"2020-02-14T06:30:00+00:00","dateModified":"2025-06-19T10:52:49+00:00","mainEntityOfPage":{"@id":"https:\/\/calgrauet.com\/es\/entrevista-joves-del-pirineu-a-la-revista-viure-al-pirineu-es\/"},"wordCount":699,"publisher":{"@id":"https:\/\/calgrauet.com\/es\/#organization"},"image":{"@id":"https:\/\/calgrauet.com\/es\/entrevista-joves-del-pirineu-a-la-revista-viure-al-pirineu-es\/#primaryimage"},"thumbnailUrl":"https:\/\/calgrauet.com\/wp-content\/uploads\/2024\/05\/blog-01.jpg","inLanguage":"es"},{"@type":"WebPage","@id":"https:\/\/calgrauet.com\/es\/entrevista-joves-del-pirineu-a-la-revista-viure-al-pirineu-es\/","url":"https:\/\/calgrauet.com\/es\/entrevista-joves-del-pirineu-a-la-revista-viure-al-pirineu-es\/","name":"Entrevista \u201cJoves del Pirineu\u201d a la revista \u201cViure al Pirineu\u201d - Cal Grauet","isPartOf":{"@id":"https:\/\/calgrauet.com\/es\/#website"},"primaryImageOfPage":{"@id":"https:\/\/calgrauet.com\/es\/entrevista-joves-del-pirineu-a-la-revista-viure-al-pirineu-es\/#primaryimage"},"image":{"@id":"https:\/\/calgrauet.com\/es\/entrevista-joves-del-pirineu-a-la-revista-viure-al-pirineu-es\/#primaryimage"},"thumbnailUrl":"https:\/\/calgrauet.com\/wp-content\/uploads\/2024\/05\/blog-01.jpg","datePublished":"2020-02-14T06:30:00+00:00","dateModified":"2025-06-19T10:52:49+00:00","breadcrumb":{"@id":"https:\/\/calgrauet.com\/es\/entrevista-joves-del-pirineu-a-la-revista-viure-al-pirineu-es\/#breadcrumb"},"inLanguage":"es","potentialAction":[{"@type":"ReadAction","target":["https:\/\/calgrauet.com\/es\/entrevista-joves-del-pirineu-a-la-revista-viure-al-pirineu-es\/"]}]},{"@type":"ImageObject","inLanguage":"es","@id":"https:\/\/calgrauet.com\/es\/entrevista-joves-del-pirineu-a-la-revista-viure-al-pirineu-es\/#primaryimage","url":"https:\/\/calgrauet.com\/wp-content\/uploads\/2024\/05\/blog-01.jpg","contentUrl":"https:\/\/calgrauet.com\/wp-content\/uploads\/2024\/05\/blog-01.jpg","width":800,"height":450,"caption":"Gerard Garreta de Cal Grauet"},{"@type":"BreadcrumbList","@id":"https:\/\/calgrauet.com\/es\/entrevista-joves-del-pirineu-a-la-revista-viure-al-pirineu-es\/#breadcrumb","itemListElement":[{"@type":"ListItem","position":1,"name":"Inici","item":"https:\/\/calgrauet.com\/es\/"},{"@type":"ListItem","position":2,"name":"Entrevista \u201cJoves del Pirineu\u201d a la revista \u201cViure al Pirineu\u201d"}]},{"@type":"WebSite","@id":"https:\/\/calgrauet.com\/es\/#website","url":"https:\/\/calgrauet.com\/es\/","name":"Cal Grauet","description":"TRADICI\u00d3, ADAPTACI\u00d3 I SOSTENIBILITAT RAMADERA","publisher":{"@id":"https:\/\/calgrauet.com\/es\/#organization"},"potentialAction":[{"@type":"SearchAction","target":{"@type":"EntryPoint","urlTemplate":"https:\/\/calgrauet.com\/es\/?s={search_term_string}"},"query-input":{"@type":"PropertyValueSpecification","valueRequired":true,"valueName":"search_term_string"}}],"inLanguage":"es"},{"@type":"Organization","@id":"https:\/\/calgrauet.com\/es\/#organization","name":"Cal Grauet","url":"https:\/\/calgrauet.com\/es\/","logo":{"@type":"ImageObject","inLanguage":"es","@id":"https:\/\/calgrauet.com\/es\/#\/schema\/logo\/image\/","url":"https:\/\/calgrauet.com\/wp-content\/uploads\/2024\/05\/logo-cal-grauet.png","contentUrl":"https:\/\/calgrauet.com\/wp-content\/uploads\/2024\/05\/logo-cal-grauet.png","width":224,"height":157,"caption":"Cal Grauet"},"image":{"@id":"https:\/\/calgrauet.com\/es\/#\/schema\/logo\/image\/"}},{"@type":"Person","@id":"https:\/\/calgrauet.com\/es\/#\/schema\/person\/f3bee5fb0130689db9ebb02aaf1e2d79","name":"admin-istrador","sameAs":["https:\/\/calgrauet.com"],"url":"https:\/\/calgrauet.com\/es\/author\/admin-istrador\/"}]}},"_links":{"self":[{"href":"https:\/\/calgrauet.com\/es\/wp-json\/wp\/v2\/posts\/14764","targetHints":{"allow":["GET"]}}],"collection":[{"href":"https:\/\/calgrauet.com\/es\/wp-json\/wp\/v2\/posts"}],"about":[{"href":"https:\/\/calgrauet.com\/es\/wp-json\/wp\/v2\/types\/post"}],"author":[{"embeddable":true,"href":"https:\/\/calgrauet.com\/es\/wp-json\/wp\/v2\/users\/1"}],"replies":[{"embeddable":true,"href":"https:\/\/calgrauet.com\/es\/wp-json\/wp\/v2\/comments?post=14764"}],"version-history":[{"count":7,"href":"https:\/\/calgrauet.com\/es\/wp-json\/wp\/v2\/posts\/14764\/revisions"}],"predecessor-version":[{"id":14857,"href":"https:\/\/calgrauet.com\/es\/wp-json\/wp\/v2\/posts\/14764\/revisions\/14857"}],"wp:featuredmedia":[{"embeddable":true,"href":"https:\/\/calgrauet.com\/es\/wp-json\/wp\/v2\/media\/14388"}],"wp:attachment":[{"href":"https:\/\/calgrauet.com\/es\/wp-json\/wp\/v2\/media?parent=14764"}],"wp:term":[{"taxonomy":"category","embeddable":true,"href":"https:\/\/calgrauet.com\/es\/wp-json\/wp\/v2\/categories?post=14764"},{"taxonomy":"post_tag","embeddable":true,"href":"https:\/\/calgrauet.com\/es\/wp-json\/wp\/v2\/tags?post=14764"}],"curies":[{"name":"wp","href":"https:\/\/api.w.org\/{rel}","templated":true}]}}